{"id":3699,"date":"2025-07-04T09:28:07","date_gmt":"2025-07-04T07:28:07","guid":{"rendered":"https:\/\/ortodonciapozuelo.com\/?p=3699"},"modified":"2025-07-04T09:28:08","modified_gmt":"2025-07-04T07:28:08","slug":"dientes-sensibles-con-ortodoncia-invisible-causas-y-soluciones-efectivas","status":"publish","type":"post","link":"https:\/\/ortodonciapozuelo.com\/fr\/dientes-sensibles-con-ortodoncia-invisible-causas-y-soluciones-efectivas\/","title":{"rendered":"Les dents sensibles avec l'orthodontie invisible, causes et solutions efficaces."},"content":{"rendered":"<p>Le <a href=\"https:\/\/ortodonciapozuelo.com\/fr\/traitements\/orthodontie-invisible\/\"><strong>orthodontie invisible<\/strong> <\/a>ha revolucionado el mundo de los tratamientos dentales, ofreciendo una alternativa est\u00e9tica y c\u00f3moda a los brackets tradicionales. Sin embargo, es com\u00fan que los pacientes experimenten <strong>dientes sensibles<\/strong> durante el tratamiento. Comprender las causas de la <strong>sensibilidad dental<\/strong>, c\u00f3mo prevenirla y qu\u00e9 hacer para aliviarla es clave para llevar una experiencia m\u00e1s c\u00f3moda y efectiva.<\/p>\n\n\n\n<h2 class=\"wp-block-heading\"><strong>\u00bfPor qu\u00e9 duelen los dientes con los alineadores invisibles?.<\/strong><\/h2>\n\n\n\n<p>Es normal preguntarse <strong>por qu\u00e9 duelen los dientes con alineadores<\/strong>, sobre todo en las primeras fases del tratamiento. Aunque las molestias suelen ser temporales, entender su origen ayuda a manejarlas mejor.<\/p>\n\n\n\n<h3 class=\"wp-block-heading\"><strong>Presi\u00f3n del movimiento dental.<\/strong><\/h3>\n\n\n\n<p>Los alineadores ejercen una presi\u00f3n controlada sobre los dientes para moverlos progresivamente a la posici\u00f3n deseada. Esta presi\u00f3n puede generar dolor o sensibilidad dental, especialmente durante los primeros d\u00edas de uso.<\/p>\n\n\n\n<h3 class=\"wp-block-heading\"><strong>Adaptaci\u00f3n inicial al tratamiento.<\/strong><\/h3>\n\n\n\n<p>Durante los primeros d\u00edas tras colocar los alineadores, es habitual experimentar cierta incomodidad. El cuerpo necesita adaptarse a la presencia de estos dispositivos en la boca, lo que puede generar <strong>dientes sensibles.<\/strong><\/p>\n\n\n\n<h3 class=\"wp-block-heading\"><strong>Cambio de alineadores y molestias temporales.<\/strong><\/h3>\n\n\n\n<p>Cada vez que se cambia de f\u00e9rula (normalmente cada 7 a 14 d\u00edas), los dientes deben adaptarse a una nueva etapa de movimiento. Esto puede provocar un incremento temporal del dolor o la sensibilidad dental.<\/p>\n\n\n\n<h2 class=\"wp-block-heading\"><strong>Principales causas de la sensibilidad dental en ortodoncia invisible.<\/strong><\/h2>\n\n\n\n<p>Adem\u00e1s de la presi\u00f3n ejercida por el tratamiento, existen otras razones que pueden explicar la aparici\u00f3n de <strong>dientes sensibles con ortodoncia invisible.<\/strong><\/p>\n\n\n\n<h3 class=\"wp-block-heading\"><strong>Movimiento ortod\u00f3ntico programado.<\/strong><\/h3>\n\n\n\n<p>Los alineadores est\u00e1n dise\u00f1ados para realizar microajustes progresivos en la posici\u00f3n de los dientes. Este <strong>movimiento ortod\u00f3ntico programado<\/strong>, aunque suave, puede causar molestias en estructuras sensibles del diente.<\/p>\n\n\n\n<h3 class=\"wp-block-heading\"><strong>Fricci\u00f3n entre dientes y alineadores.<\/strong><\/h3>\n\n\n\n<p>Aunque est\u00e1n hechos a medida, los alineadores pueden generar fricci\u00f3n en algunas zonas, especialmente si hay contacto con enc\u00edas o bordes dentales. Esta fricci\u00f3n puede aumentar la sensibilidad dental.<\/p>\n\n\n\n<h3 class=\"wp-block-heading\"><strong>Sensibilidad preexistente agravada.<\/strong><\/h3>\n\n\n\n<p>Si el paciente ya presentaba cierta sensibilidad dental antes del inicio del tratamiento, es probable que esta se vea intensificada con el uso de alineadores. En estos casos, es fundamental abordarla desde el inicio del tratamiento.<\/p>\n\n\n\n<h2 class=\"wp-block-heading\"><strong>C\u00f3mo prevenir la sensibilidad durante el tratamiento.<\/strong><\/h2>\n\n\n\n<p>La buena noticia es que existen estrategias de prevenci\u00f3n y alivio para minimizar la aparici\u00f3n de molestias y mejorar la experiencia del paciente con la ortodoncia invisible.<\/p>\n\n\n\n<p><strong>-Usar productos espec\u00edficos para dientes sensibles: <\/strong>Pastas dentales con nitrato de potasio o fl\u00faor pueden reducir la sensibilidad.<\/p>\n\n\n\n<p><strong>-Mantener una higiene oral cuidadosa pero suave: <\/strong>Cepillar con cepillos de cerdas suaves y evitar movimientos bruscos.<\/p>\n\n\n\n<p><strong>-Evitar alimentos muy fr\u00edos o calientes:<\/strong> Especialmente durante los primeros d\u00edas tras un cambio de alineador.<\/p>\n\n\n\n<p><strong>-Consultar con el ortodoncista ante molestias persistentes:<\/strong> A veces, peque\u00f1os ajustes en los alineadores pueden mejorar significativamente el confort.<\/p>\n\n\n\n<p><strong>-Seguir el calendario de uso recomendado: <\/strong>Usar los alineadores el tiempo indicado garantiza movimientos graduales y menos dolorosos.<\/p>\n\n\n\n<p>En la <strong><a href=\"https:\/\/ortodonciapozuelo.com\/fr\/\">Cl\u00ednica Dental Saborido Rodr\u00edguez, en Pozuelo de Alarc\u00f3n<\/a>,<\/strong> te ayudamos a llevar tu tratamiento de ortodoncia invisible de forma c\u00f3moda y segura. Si est\u00e1s experimentando <strong>dientes sensibles<\/strong> o molestias durante el uso de alineadores, no dudes en consultarnos. Te acompa\u00f1amos paso a paso para que sonr\u00edas c\u00f3modamente.<\/p>","protected":false},"excerpt":{"rendered":"<p>La ortodoncia invisible ha revolucionado el mundo de los tratamientos dentales, ofreciendo una alternativa est\u00e9tica y c\u00f3moda a los brackets tradicionales. Sin embargo, es com\u00fan que los pacientes experimenten dientes sensibles durante el tratamiento. Comprender las causas de la sensibilidad dental, c\u00f3mo prevenirla y qu\u00e9 hacer para aliviarla es clave para llevar una experiencia m\u00e1s c\u00f3moda y efectiva. \u00bfPor qu\u00e9 duelen los dientes con los alineadores invisibles?. Es normal preguntarse por qu\u00e9 duelen los dientes con alineadores, sobre todo en las primeras fases del tratamiento. Aunque las molestias suelen ser temporales, entender su origen ayuda a manejarlas mejor. Presi\u00f3n del movimiento dental. Los alineadores ejercen una presi\u00f3n controlada sobre los dientes para moverlos progresivamente a la posici\u00f3n deseada. Esta presi\u00f3n puede generar dolor o sensibilidad dental, especialmente durante los primeros d\u00edas de uso. Adaptaci\u00f3n inicial al tratamiento. Durante los primeros d\u00edas tras colocar los alineadores, es habitual experimentar cierta incomodidad. El cuerpo necesita adaptarse a la presencia de estos dispositivos en la boca, lo que puede generar dientes sensibles. Cambio de alineadores y molestias temporales. Cada vez que se cambia de f\u00e9rula (normalmente cada 7 a 14 d\u00edas), los dientes deben adaptarse a una nueva etapa de movimiento. Esto puede provocar un incremento temporal del dolor o la sensibilidad dental. Principales causas de la sensibilidad dental en ortodoncia invisible. Adem\u00e1s de la presi\u00f3n ejercida por el tratamiento, existen otras razones que pueden explicar la aparici\u00f3n de dientes sensibles con ortodoncia invisible. Movimiento ortod\u00f3ntico programado. Los alineadores est\u00e1n dise\u00f1ados para realizar microajustes progresivos en la posici\u00f3n de los dientes. Este movimiento ortod\u00f3ntico programado, aunque suave, puede causar molestias en estructuras sensibles del diente. Fricci\u00f3n entre dientes y alineadores. Aunque est\u00e1n hechos a medida, los alineadores pueden generar fricci\u00f3n en algunas zonas, especialmente si hay contacto con enc\u00edas o bordes dentales. Esta fricci\u00f3n puede aumentar la sensibilidad dental. Sensibilidad preexistente agravada. Si el paciente ya presentaba cierta sensibilidad dental antes del inicio del tratamiento, es probable que esta se vea intensificada con el uso de alineadores. En estos casos, es fundamental abordarla desde el inicio del tratamiento. C\u00f3mo prevenir la sensibilidad durante el tratamiento. La buena noticia es que existen estrategias de prevenci\u00f3n y alivio para minimizar la aparici\u00f3n de molestias y mejorar la experiencia del paciente con la ortodoncia invisible. -Usar productos espec\u00edficos para dientes sensibles: Pastas dentales con nitrato de potasio o fl\u00faor pueden reducir la sensibilidad. -Mantener una higiene oral cuidadosa pero suave: Cepillar con cepillos de cerdas suaves y evitar movimientos bruscos. -Evitar alimentos muy fr\u00edos o calientes: Especialmente durante los primeros d\u00edas tras un cambio de alineador. -Consultar con el ortodoncista ante molestias persistentes: A veces, peque\u00f1os ajustes en los alineadores pueden mejorar significativamente el confort. -Seguir el calendario de uso recomendado: Usar los alineadores el tiempo indicado garantiza movimientos graduales y menos dolorosos. En la Cl\u00ednica Dental Saborido Rodr\u00edguez, en Pozuelo de Alarc\u00f3n, te ayudamos a llevar tu tratamiento de ortodoncia invisible de forma c\u00f3moda y segura. Si est\u00e1s experimentando dientes sensibles o molestias durante el uso de alineadores, no dudes en consultarnos. Te acompa\u00f1amos paso a paso para que sonr\u00edas c\u00f3modamente.<\/p>","protected":false},"author":1,"featured_media":3701,"comment_status":"closed","ping_status":"closed","sticky":false,"template":"","format":"standard","meta":{"_acf_changed":false,"_joinchat":[],"footnotes":""},"categories":[1],"tags":[],"class_list":["post-3699","post","type-post","status-publish","format-standard","has-post-thumbnail","hentry","category-general"],"acf":[],"yoast_head":"<!-- This site is optimized with the Yoast SEO plugin v27.4 - https:\/\/yoast.com\/product\/yoast-seo-wordpress\/ -->\n<title>Dientes sensibles con Ortodoncia Invisible<\/title>\n<meta name=\"description\" content=\"Descubre cuales pueden ser los motivos de que tengas los dientes sensibles con Ortodoncia Invisible de la mano de nuestros especialistas.\" \/>\n<meta name=\"robots\" content=\"index, follow, max-snippet:-1, max-image-preview:large, max-video-preview:-1\" \/>\n<link rel=\"canonical\" href=\"https:\/\/ortodonciapozuelo.com\/fr\/dientes-sensibles-con-ortodoncia-invisible-causas-y-soluciones-efectivas\/\" \/>\n<meta property=\"og:locale\" content=\"fr_FR\" \/>\n<meta property=\"og:type\" content=\"article\" \/>\n<meta property=\"og:title\" content=\"Dientes sensibles con Ortodoncia Invisible\" \/>\n<meta property=\"og:description\" content=\"Descubre cuales pueden ser los motivos de que tengas los dientes sensibles con Ortodoncia Invisible de la mano de nuestros especialistas.\" \/>\n<meta property=\"og:url\" content=\"https:\/\/ortodonciapozuelo.com\/fr\/dientes-sensibles-con-ortodoncia-invisible-causas-y-soluciones-efectivas\/\" \/>\n<meta property=\"og:site_name\" content=\"Ortodoncia invisible en Pozuelo de Alarc\u00f3n | Saborido &amp; Rodr\u00edguez\" \/>\n<meta property=\"article:published_time\" content=\"2025-07-04T07:28:07+00:00\" \/>\n<meta property=\"article:modified_time\" content=\"2025-07-04T07:28:08+00:00\" \/>\n<meta property=\"og:image\" content=\"https:\/\/ortodonciapozuelo.com\/wp-content\/uploads\/Dientes-sensibles-con-Ortodoncia-Invisible-causas-y-soluciones-efectivas.jpg\" \/>\n\t<meta property=\"og:image:width\" content=\"2560\" \/>\n\t<meta property=\"og:image:height\" content=\"1575\" \/>\n\t<meta property=\"og:image:type\" content=\"image\/jpeg\" \/>\n<meta name=\"author\" content=\"Saborido &amp; Rodr\u00edguez\" \/>\n<meta name=\"twitter:card\" content=\"summary_large_image\" \/>\n<meta name=\"twitter:label1\" content=\"\u00c9crit par\" \/>\n\t<meta name=\"twitter:data1\" content=\"Saborido &amp; Rodr\u00edguez\" \/>\n\t<meta name=\"twitter:label2\" content=\"Dur\u00e9e de lecture estim\u00e9e\" \/>\n\t<meta name=\"twitter:data2\" content=\"3 minutes\" \/>\n<script type=\"application\/ld+json\" class=\"yoast-schema-graph\">{\"@context\":\"https:\\\/\\\/schema.org\",\"@graph\":[{\"@type\":\"Article\",\"@id\":\"https:\\\/\\\/ortodonciapozuelo.com\\\/dientes-sensibles-con-ortodoncia-invisible-causas-y-soluciones-efectivas\\\/#article\",\"isPartOf\":{\"@id\":\"https:\\\/\\\/ortodonciapozuelo.com\\\/dientes-sensibles-con-ortodoncia-invisible-causas-y-soluciones-efectivas\\\/\"},\"author\":{\"name\":\"Saborido &amp; Rodr\u00edguez\",\"@id\":\"https:\\\/\\\/ortodonciapozuelo.com\\\/#\\\/schema\\\/person\\\/cd8055dd7a6e34c67b0dd8d8d59bbee5\"},\"headline\":\"Dientes sensibles con Ortodoncia Invisible, causas y soluciones efectivas.\",\"datePublished\":\"2025-07-04T07:28:07+00:00\",\"dateModified\":\"2025-07-04T07:28:08+00:00\",\"mainEntityOfPage\":{\"@id\":\"https:\\\/\\\/ortodonciapozuelo.com\\\/dientes-sensibles-con-ortodoncia-invisible-causas-y-soluciones-efectivas\\\/\"},\"wordCount\":567,\"publisher\":{\"@id\":\"https:\\\/\\\/ortodonciapozuelo.com\\\/#organization\"},\"image\":{\"@id\":\"https:\\\/\\\/ortodonciapozuelo.com\\\/dientes-sensibles-con-ortodoncia-invisible-causas-y-soluciones-efectivas\\\/#primaryimage\"},\"thumbnailUrl\":\"https:\\\/\\\/ortodonciapozuelo.com\\\/wp-content\\\/uploads\\\/Dientes-sensibles-con-Ortodoncia-Invisible-causas-y-soluciones-efectivas.jpg\",\"articleSection\":[\"General\"],\"inLanguage\":\"fr-FR\"},{\"@type\":\"WebPage\",\"@id\":\"https:\\\/\\\/ortodonciapozuelo.com\\\/dientes-sensibles-con-ortodoncia-invisible-causas-y-soluciones-efectivas\\\/\",\"url\":\"https:\\\/\\\/ortodonciapozuelo.com\\\/dientes-sensibles-con-ortodoncia-invisible-causas-y-soluciones-efectivas\\\/\",\"name\":\"Dientes sensibles con Ortodoncia Invisible\",\"isPartOf\":{\"@id\":\"https:\\\/\\\/ortodonciapozuelo.com\\\/#website\"},\"primaryImageOfPage\":{\"@id\":\"https:\\\/\\\/ortodonciapozuelo.com\\\/dientes-sensibles-con-ortodoncia-invisible-causas-y-soluciones-efectivas\\\/#primaryimage\"},\"image\":{\"@id\":\"https:\\\/\\\/ortodonciapozuelo.com\\\/dientes-sensibles-con-ortodoncia-invisible-causas-y-soluciones-efectivas\\\/#primaryimage\"},\"thumbnailUrl\":\"https:\\\/\\\/ortodonciapozuelo.com\\\/wp-content\\\/uploads\\\/Dientes-sensibles-con-Ortodoncia-Invisible-causas-y-soluciones-efectivas.jpg\",\"datePublished\":\"2025-07-04T07:28:07+00:00\",\"dateModified\":\"2025-07-04T07:28:08+00:00\",\"description\":\"Descubre cuales pueden ser los motivos de que tengas los dientes sensibles con Ortodoncia Invisible de la mano de nuestros especialistas.\",\"breadcrumb\":{\"@id\":\"https:\\\/\\\/ortodonciapozuelo.com\\\/dientes-sensibles-con-ortodoncia-invisible-causas-y-soluciones-efectivas\\\/#breadcrumb\"},\"inLanguage\":\"fr-FR\",\"potentialAction\":[{\"@type\":\"ReadAction\",\"target\":[\"https:\\\/\\\/ortodonciapozuelo.com\\\/dientes-sensibles-con-ortodoncia-invisible-causas-y-soluciones-efectivas\\\/\"]}]},{\"@type\":\"ImageObject\",\"inLanguage\":\"fr-FR\",\"@id\":\"https:\\\/\\\/ortodonciapozuelo.com\\\/dientes-sensibles-con-ortodoncia-invisible-causas-y-soluciones-efectivas\\\/#primaryimage\",\"url\":\"https:\\\/\\\/ortodonciapozuelo.com\\\/wp-content\\\/uploads\\\/Dientes-sensibles-con-Ortodoncia-Invisible-causas-y-soluciones-efectivas.jpg\",\"contentUrl\":\"https:\\\/\\\/ortodonciapozuelo.com\\\/wp-content\\\/uploads\\\/Dientes-sensibles-con-Ortodoncia-Invisible-causas-y-soluciones-efectivas.jpg\",\"width\":2560,\"height\":1575,\"caption\":\"Dientes sensibles con Ortodoncia Invisible, causas y soluciones efectivas.\"},{\"@type\":\"BreadcrumbList\",\"@id\":\"https:\\\/\\\/ortodonciapozuelo.com\\\/dientes-sensibles-con-ortodoncia-invisible-causas-y-soluciones-efectivas\\\/#breadcrumb\",\"itemListElement\":[{\"@type\":\"ListItem\",\"position\":1,\"name\":\"Portada\",\"item\":\"https:\\\/\\\/ortodonciapozuelo.com\\\/\"},{\"@type\":\"ListItem\",\"position\":2,\"name\":\"Dientes sensibles con Ortodoncia Invisible, causas y soluciones efectivas.\"}]},{\"@type\":\"WebSite\",\"@id\":\"https:\\\/\\\/ortodonciapozuelo.com\\\/#website\",\"url\":\"https:\\\/\\\/ortodonciapozuelo.com\\\/\",\"name\":\"Ortodoncia invisible en Pozuelo de Alarc\u00f3n | Saborido & Rodr\u00edguez\",\"description\":\"\",\"publisher\":{\"@id\":\"https:\\\/\\\/ortodonciapozuelo.com\\\/#organization\"},\"potentialAction\":[{\"@type\":\"SearchAction\",\"target\":{\"@type\":\"EntryPoint\",\"urlTemplate\":\"https:\\\/\\\/ortodonciapozuelo.com\\\/?s={search_term_string}\"},\"query-input\":{\"@type\":\"PropertyValueSpecification\",\"valueRequired\":true,\"valueName\":\"search_term_string\"}}],\"inLanguage\":\"fr-FR\"},{\"@type\":\"Organization\",\"@id\":\"https:\\\/\\\/ortodonciapozuelo.com\\\/#organization\",\"name\":\"Ortodoncia invisible en Pozuelo de Alarc\u00f3n | Saborido & Rodr\u00edguez\",\"url\":\"https:\\\/\\\/ortodonciapozuelo.com\\\/\",\"logo\":{\"@type\":\"ImageObject\",\"inLanguage\":\"fr-FR\",\"@id\":\"https:\\\/\\\/ortodonciapozuelo.com\\\/#\\\/schema\\\/logo\\\/image\\\/\",\"url\":\"https:\\\/\\\/ortodonciapozuelo.com\\\/wp-content\\\/uploads\\\/logo.png\",\"contentUrl\":\"https:\\\/\\\/ortodonciapozuelo.com\\\/wp-content\\\/uploads\\\/logo.png\",\"width\":535,\"height\":70,\"caption\":\"Ortodoncia invisible en Pozuelo de Alarc\u00f3n | Saborido & Rodr\u00edguez\"},\"image\":{\"@id\":\"https:\\\/\\\/ortodonciapozuelo.com\\\/#\\\/schema\\\/logo\\\/image\\\/\"}},{\"@type\":\"Person\",\"@id\":\"https:\\\/\\\/ortodonciapozuelo.com\\\/#\\\/schema\\\/person\\\/cd8055dd7a6e34c67b0dd8d8d59bbee5\",\"name\":\"Saborido &amp; Rodr\u00edguez\",\"sameAs\":[\"https:\\\/\\\/ortodonciapozuelo.com\"],\"url\":\"https:\\\/\\\/ortodonciapozuelo.com\\\/fr\\\/author\\\/adminortopozuelo\\\/\"}]}<\/script>\n<!-- \/ Yoast SEO plugin. -->","yoast_head_json":{"title":"Dientes sensibles con Ortodoncia Invisible","description":"Descubre cuales pueden ser los motivos de que tengas los dientes sensibles con Ortodoncia Invisible de la mano de nuestros especialistas.","robots":{"index":"index","follow":"follow","max-snippet":"max-snippet:-1","max-image-preview":"max-image-preview:large","max-video-preview":"max-video-preview:-1"},"canonical":"https:\/\/ortodonciapozuelo.com\/fr\/dientes-sensibles-con-ortodoncia-invisible-causas-y-soluciones-efectivas\/","og_locale":"fr_FR","og_type":"article","og_title":"Dientes sensibles con Ortodoncia Invisible","og_description":"Descubre cuales pueden ser los motivos de que tengas los dientes sensibles con Ortodoncia Invisible de la mano de nuestros especialistas.","og_url":"https:\/\/ortodonciapozuelo.com\/fr\/dientes-sensibles-con-ortodoncia-invisible-causas-y-soluciones-efectivas\/","og_site_name":"Ortodoncia invisible en Pozuelo de Alarc\u00f3n | Saborido &amp; Rodr\u00edguez","article_published_time":"2025-07-04T07:28:07+00:00","article_modified_time":"2025-07-04T07:28:08+00:00","og_image":[{"width":2560,"height":1575,"url":"https:\/\/ortodonciapozuelo.com\/wp-content\/uploads\/Dientes-sensibles-con-Ortodoncia-Invisible-causas-y-soluciones-efectivas.jpg","type":"image\/jpeg"}],"author":"Saborido &amp; Rodr\u00edguez","twitter_card":"summary_large_image","twitter_misc":{"\u00c9crit par":"Saborido &amp; Rodr\u00edguez","Dur\u00e9e de lecture estim\u00e9e":"3 minutes"},"schema":{"@context":"https:\/\/schema.org","@graph":[{"@type":"Article","@id":"https:\/\/ortodonciapozuelo.com\/dientes-sensibles-con-ortodoncia-invisible-causas-y-soluciones-efectivas\/#article","isPartOf":{"@id":"https:\/\/ortodonciapozuelo.com\/dientes-sensibles-con-ortodoncia-invisible-causas-y-soluciones-efectivas\/"},"author":{"name":"Saborido &amp; Rodr\u00edguez","@id":"https:\/\/ortodonciapozuelo.com\/#\/schema\/person\/cd8055dd7a6e34c67b0dd8d8d59bbee5"},"headline":"Dientes sensibles con Ortodoncia Invisible, causas y soluciones efectivas.","datePublished":"2025-07-04T07:28:07+00:00","dateModified":"2025-07-04T07:28:08+00:00","mainEntityOfPage":{"@id":"https:\/\/ortodonciapozuelo.com\/dientes-sensibles-con-ortodoncia-invisible-causas-y-soluciones-efectivas\/"},"wordCount":567,"publisher":{"@id":"https:\/\/ortodonciapozuelo.com\/#organization"},"image":{"@id":"https:\/\/ortodonciapozuelo.com\/dientes-sensibles-con-ortodoncia-invisible-causas-y-soluciones-efectivas\/#primaryimage"},"thumbnailUrl":"https:\/\/ortodonciapozuelo.com\/wp-content\/uploads\/Dientes-sensibles-con-Ortodoncia-Invisible-causas-y-soluciones-efectivas.jpg","articleSection":["General"],"inLanguage":"fr-FR"},{"@type":"WebPage","@id":"https:\/\/ortodonciapozuelo.com\/dientes-sensibles-con-ortodoncia-invisible-causas-y-soluciones-efectivas\/","url":"https:\/\/ortodonciapozuelo.com\/dientes-sensibles-con-ortodoncia-invisible-causas-y-soluciones-efectivas\/","name":"Dientes sensibles con Ortodoncia Invisible","isPartOf":{"@id":"https:\/\/ortodonciapozuelo.com\/#website"},"primaryImageOfPage":{"@id":"https:\/\/ortodonciapozuelo.com\/dientes-sensibles-con-ortodoncia-invisible-causas-y-soluciones-efectivas\/#primaryimage"},"image":{"@id":"https:\/\/ortodonciapozuelo.com\/dientes-sensibles-con-ortodoncia-invisible-causas-y-soluciones-efectivas\/#primaryimage"},"thumbnailUrl":"https:\/\/ortodonciapozuelo.com\/wp-content\/uploads\/Dientes-sensibles-con-Ortodoncia-Invisible-causas-y-soluciones-efectivas.jpg","datePublished":"2025-07-04T07:28:07+00:00","dateModified":"2025-07-04T07:28:08+00:00","description":"Descubre cuales pueden ser los motivos de que tengas los dientes sensibles con Ortodoncia Invisible de la mano de nuestros especialistas.","breadcrumb":{"@id":"https:\/\/ortodonciapozuelo.com\/dientes-sensibles-con-ortodoncia-invisible-causas-y-soluciones-efectivas\/#breadcrumb"},"inLanguage":"fr-FR","potentialAction":[{"@type":"ReadAction","target":["https:\/\/ortodonciapozuelo.com\/dientes-sensibles-con-ortodoncia-invisible-causas-y-soluciones-efectivas\/"]}]},{"@type":"ImageObject","inLanguage":"fr-FR","@id":"https:\/\/ortodonciapozuelo.com\/dientes-sensibles-con-ortodoncia-invisible-causas-y-soluciones-efectivas\/#primaryimage","url":"https:\/\/ortodonciapozuelo.com\/wp-content\/uploads\/Dientes-sensibles-con-Ortodoncia-Invisible-causas-y-soluciones-efectivas.jpg","contentUrl":"https:\/\/ortodonciapozuelo.com\/wp-content\/uploads\/Dientes-sensibles-con-Ortodoncia-Invisible-causas-y-soluciones-efectivas.jpg","width":2560,"height":1575,"caption":"Dientes sensibles con Ortodoncia Invisible, causas y soluciones efectivas."},{"@type":"BreadcrumbList","@id":"https:\/\/ortodonciapozuelo.com\/dientes-sensibles-con-ortodoncia-invisible-causas-y-soluciones-efectivas\/#breadcrumb","itemListElement":[{"@type":"ListItem","position":1,"name":"Portada","item":"https:\/\/ortodonciapozuelo.com\/"},{"@type":"ListItem","position":2,"name":"Dientes sensibles con Ortodoncia Invisible, causas y soluciones efectivas."}]},{"@type":"WebSite","@id":"https:\/\/ortodonciapozuelo.com\/#website","url":"https:\/\/ortodonciapozuelo.com\/","name":"Orthodontie invisible \u00e0 Pozuelo de Alarc\u00f3n | Saborido &amp; Rodr\u00edguez","description":"","publisher":{"@id":"https:\/\/ortodonciapozuelo.com\/#organization"},"potentialAction":[{"@type":"SearchAction","target":{"@type":"EntryPoint","urlTemplate":"https:\/\/ortodonciapozuelo.com\/?s={search_term_string}"},"query-input":{"@type":"PropertyValueSpecification","valueRequired":true,"valueName":"search_term_string"}}],"inLanguage":"fr-FR"},{"@type":"Organization","@id":"https:\/\/ortodonciapozuelo.com\/#organization","name":"Orthodontie invisible \u00e0 Pozuelo de Alarc\u00f3n | Saborido &amp; Rodr\u00edguez","url":"https:\/\/ortodonciapozuelo.com\/","logo":{"@type":"ImageObject","inLanguage":"fr-FR","@id":"https:\/\/ortodonciapozuelo.com\/#\/schema\/logo\/image\/","url":"https:\/\/ortodonciapozuelo.com\/wp-content\/uploads\/logo.png","contentUrl":"https:\/\/ortodonciapozuelo.com\/wp-content\/uploads\/logo.png","width":535,"height":70,"caption":"Ortodoncia invisible en Pozuelo de Alarc\u00f3n | Saborido & Rodr\u00edguez"},"image":{"@id":"https:\/\/ortodonciapozuelo.com\/#\/schema\/logo\/image\/"}},{"@type":"Person","@id":"https:\/\/ortodonciapozuelo.com\/#\/schema\/person\/cd8055dd7a6e34c67b0dd8d8d59bbee5","name":"Saborido &amp; Rodriguez","sameAs":["https:\/\/ortodonciapozuelo.com"],"url":"https:\/\/ortodonciapozuelo.com\/fr\/author\/adminortopozuelo\/"}]}},"_links":{"self":[{"href":"https:\/\/ortodonciapozuelo.com\/fr\/wp-json\/wp\/v2\/posts\/3699","targetHints":{"allow":["GET"]}}],"collection":[{"href":"https:\/\/ortodonciapozuelo.com\/fr\/wp-json\/wp\/v2\/posts"}],"about":[{"href":"https:\/\/ortodonciapozuelo.com\/fr\/wp-json\/wp\/v2\/types\/post"}],"author":[{"embeddable":true,"href":"https:\/\/ortodonciapozuelo.com\/fr\/wp-json\/wp\/v2\/users\/1"}],"replies":[{"embeddable":true,"href":"https:\/\/ortodonciapozuelo.com\/fr\/wp-json\/wp\/v2\/comments?post=3699"}],"version-history":[{"count":1,"href":"https:\/\/ortodonciapozuelo.com\/fr\/wp-json\/wp\/v2\/posts\/3699\/revisions"}],"predecessor-version":[{"id":3702,"href":"https:\/\/ortodonciapozuelo.com\/fr\/wp-json\/wp\/v2\/posts\/3699\/revisions\/3702"}],"wp:featuredmedia":[{"embeddable":true,"href":"https:\/\/ortodonciapozuelo.com\/fr\/wp-json\/wp\/v2\/media\/3701"}],"wp:attachment":[{"href":"https:\/\/ortodonciapozuelo.com\/fr\/wp-json\/wp\/v2\/media?parent=3699"}],"wp:term":[{"taxonomy":"category","embeddable":true,"href":"https:\/\/ortodonciapozuelo.com\/fr\/wp-json\/wp\/v2\/categories?post=3699"},{"taxonomy":"post_tag","embeddable":true,"href":"https:\/\/ortodonciapozuelo.com\/fr\/wp-json\/wp\/v2\/tags?post=3699"}],"curies":[{"name":"wp","href":"https:\/\/api.w.org\/{rel}","templated":true}]}}